{"id":2219,"date":"2018-02-19T19:27:41","date_gmt":"2018-02-19T17:27:41","guid":{"rendered":"https:\/\/printu.pl\/inspiracje\/?p=2219"},"modified":"2018-02-19T19:27:41","modified_gmt":"2018-02-19T17:27:41","slug":"fotoksiazka-o-ciazy","status":"publish","type":"post","link":"https:\/\/printu.pl\/inspiracje\/fotoksiazka-o-ciazy\/","title":{"rendered":"Sesja ci\u0105\u017cowa \u2013 wyj\u0105tkowe zdj\u0119cia czy modny trend?"},"content":{"rendered":"<p>Oczekiwanie na przyj\u015bcie dziecka to wyj\u0105tkowy czas. Wiele os\u00f3b postanawia go uwieczni\u0107 na fotografiach.<!--more--><\/p>\n<p>Jednak czy <strong>sesja ci\u0105\u017cowa<\/strong> nie jest jedynie \u015blepym pod\u0105\u017caniem za aktualnym trendem? Dlaczego warto bra\u0107 udzia\u0142 w takich sesjach?<\/p>\n<figure id=\"attachment_91\" aria-describedby=\"caption-attachment-91\" style=\"width: 990px\" class=\"wp-caption alignnone\"><a href=\"https:\/\/printu.pl\/fotoksiazka\/szablony\/dzieci\/\"><img loading=\"lazy\" class=\"wp-image-91 size-full\" src=\"https:\/\/printu.pl\/inspiracje\/wp-content\/uploads\/2018\/02\/14195305\/insp342-dzieci02.jpg\" alt=\"\" width=\"990\" height=\"540\" \/><\/a><figcaption id=\"caption-attachment-91\" class=\"wp-caption-text\">Zobacz szablon &#8220;Rodze\u0144stwo&#8221; i inne szablony dzieci\u0119ce<\/figcaption><\/figure>\n<div class=\"buttons\"><a class=\"button btn-v2\" href=\"https:\/\/printu.pl\/fotoksiazka\/szablony\/dzieci\/\">Wi\u0119cej szablon\u00f3w &gt;<\/a><\/div>\n<h2>Fotoksi\u0105\u017cka o ci\u0105\u017cy<\/h2>\n<p>Pow\u00f3d, dla kt\u00f3rego <strong>warto robi\u0107 zdj\u0119cia w trakcie ci\u0105\u017cy<\/strong>, jest jeden: to doskona\u0142a pami\u0105tka z tego wyj\u0105tkowego czasu.<\/p>\n<p>Oczywi\u015bcie to od rodzic\u00f3w zale\u017cy, jaki okres z dziewi\u0119ciu miesi\u0119cy chc\u0105 sfotografowa\u0107. Najcz\u0119\u015bciej przyszli rodzice wykonuj\u0105 <strong>zdj\u0119cia zaawansowanej ci\u0105\u017cy<\/strong>, kiedy ci\u0105\u017cowy brzuszek jest ju\u017c bardzo widoczny.<\/p>\n<p>Pomys\u0142\u00f3w na sesj\u0119 jest wiele: ma\u0142\u017ce\u0144skie, rodzinne (z przysz\u0142ym rodze\u0144stwem oczekiwanego bobasa) czy artystyczne. <strong>Profesjonalne studia fotograficzne<\/strong> z pewno\u015bci\u0105 podpowiedz\u0105 wiele ciekawych pomys\u0142\u00f3w dotycz\u0105cych tego rodzaju zdj\u0119\u0107. Jednak dobrej jako\u015bci fotografie to dopiero po\u0142owa sukcesu. R\u00f3wnie wa\u017cna jest oprawa ca\u0142ej sesji.<\/p>\n<p>Ciekawym rozwi\u0105zaniem jest <strong>fotoksi\u0105\u017cka o ci\u0105\u017cy<\/strong>. Zdj\u0119cia brzuszka zostaj\u0105 wydrukowane w wysokiej jako\u015bci i umieszczone w dedykowanej ksi\u0105\u017cce. Specjalistyczne drukarnie oferuj\u0105 szablony dedykowane w\u0142a\u015bnie tego rodzaju sesjom. <strong>Dzi\u0119ki fotoksi\u0105\u017cce<\/strong> twoja sesja ci\u0105\u017cowa nie tylko nabierze szczeg\u00f3lnego charakteru, ale r\u00f3wnie\u017c zostanie odpowiednio zabezpieczona przed uszkodzeniami i oddzia\u0142ywaniem czasu.<\/p>\n<p>Poza tym <strong>fotoksi\u0105\u017cka o ci\u0105\u017cy jest bardzo wygodna podczas przegl\u0105dania<\/strong>. Sztywna ok\u0142adka i przyst\u0119pny format sprawiaj\u0105, \u017ce przegl\u0105danie ci\u0105\u017cowych fotografii b\u0119dzie jeszcze wi\u0119ksz\u0105 przyjemno\u015bci\u0105.<\/p>\n<div class=\"theme-title\">Szablony<\/div>\r\n<div id=\"slider_theme2\" class=\"slider_theme2 owl-loaded owl-drag\"> \r\n<div>\r\n<a class=\"cover\" href=\"\/fotoksiazka\/szablony\/album-rodzinny\/\"> <img src=\"https:\/\/cdn-printu.pullit.pl\/media\/catalog\/cache\/LpXpqZ4aCqiURbdZwSI5eCxsjek4bLBYP362VfpF5pIXlp74g8TAuBpHu6h64CaI3R23LJskiuuAsQ%253D%253D\/album_rodzinny.jpg\" \/>\r\n<div class=\"lay1\"><\/div> \r\n<div class=\"see\">Zobacz szablon<\/div><\/a> \r\n<h3><a href=\"\/fotoksiazka\/szablony\/album-rodzinny\/\">Album rodzinny<\/a><\/h3>\r\n<\/div> \r\n<div>\r\n<a class=\"cover\" href=\"\/fotoksiazka\/szablony\/sesja-noworodkowa\/\"> <img src=\"https:\/\/cdn-printu.pullit.pl\/media\/catalog\/cache\/LpXpqZ4aCqiURbdZwFhmNzuCClsJNfMbMoDG%252F8q7tWJnFjzZBtiucanWvILnggJrbhrL0LthT3xxYA%253D%253D\/sesja_noworodkowa.jpg\" \/>\r\n<div class=\"lay1\"><\/div> \r\n<div class=\"see\">Zobacz szablon<\/div><\/a> \r\n<h3><a href=\"\/fotoksiazka\/szablony\/sesja-noworodkowa\/\">Sesja noworodkowa<\/a><\/h3>\r\n<\/div> \r\n<div>\r\n<a class=\"cover\" href=\"\/fotoksiazka\/szablony\/momenty-warte-zapamietania\/\"> <img src=\"https:\/\/cdn-printu.pullit.pl\/media\/catalog\/cache\/LpXpqZ4aCqiURbdZw6SpthXlhO1yvWlvDnKmwTv6WNrjlG3mLMk6SlJj4QqsyKSybckypf0tSn%252FAvQ%253D%253D\/momenty_warte_zapamietania.jpg\" \/>\r\n<div class=\"lay1\"><\/div> \r\n<div class=\"see\">Zobacz szablon<\/div><\/a> \r\n<h3><a href=\"\/fotoksiazka\/szablony\/momenty-warte-zapamietania\/#!\">Momenty warte zapami\u0119tania<\/a><\/h3>\r\n<\/div> \r\n<div>\r\n<a class=\"cover\" href=\"\/fotoksiazka\/szablony\/album-dla-dziecka\/\"> <img src=\"https:\/\/cdn-printu.pullit.pl\/media\/catalog\/cache\/LpXpqZ4aCqiURbdZwSI1UiQ%252BLBVejvxlHbYCGjWtcDQSjB1tYBkl2zBiyCts%252FmNEOw%252FyqGV7L57xSg%253D%253D\/album_dla_dziecka.jpg\" \/>\r\n<div class=\"lay1\"><\/div> \r\n<div class=\"see\">Zobacz szablon<\/div><\/a> \r\n<h3><a href=\"\/fotoksiazka\/szablony\/album-dla-dziecka\/\">Album dla dziecka<\/a><\/h3>\r\n<\/div> \r\n<div>\r\n<a class=\"cover\" href=\"\/fotoksiazka\/szablony\/pierwszy-rok-zycia-dziecka\/\"> <img src=\"https:\/\/cdn-printu.pullit.pl\/media\/catalog\/cache\/LpXpqZ4aCqiURbdZwSkQF2uEOkTELRIB5tggwRhxjoUYwA5DMmvF6LBRVTznp05irkaubmlkRYdUQA%253D%253D\/pierwszy_rok_zycia_dziecka.jpg\" \/>\r\n<div class=\"lay1\"><\/div> \r\n<div class=\"see\">Zobacz szablon<\/div><\/a> \r\n<h3><a href=\"\/fotoksiazka\/szablony\/pierwszy-rok-zycia-dziecka\/\">Pierwszy rok \u017cycia dziecka<\/a><\/h3>\r\n<\/div> \r\n<div>\r\n<a class=\"cover\" href=\"\/fotoksiazka\/szablony\/mietowo-mi\/\"> <img src=\"https:\/\/cdn-printu.pullit.pl\/media\/catalog\/cache\/LpXpqZ4aCqiURbdZw6SsPnJr8WIFkdgOyd%252FRnE91eCHXueqhxCa%252B1HDYUP2Xjt5tQeQRbGJMtLBvsw%253D%253D\/mietowo_mi.jpg\" \/>\r\n<div class=\"lay1\"><\/div> \r\n<div class=\"see\">Zobacz szablon<\/div><\/a> \r\n<h3><a href=\"\/fotoksiazka\/szablony\/mietowo-mi\/\">Mi\u0119towo mi<\/a><\/h3>\r\n<\/div> \r\n<div>\r\n<a class=\"cover\" href=\"\/fotoksiazka\/szablony\/roczek\/\"> <img src=\"https:\/\/cdn-printu.pullit.pl\/media\/catalog\/cache\/LpXpqZ4aCqiURbdZwSsKpRHDEuWH0uOqmjrkkjA0w5ebGHmva4q2a41ijFJA%252B%252FtCGHCxhfVr7Vxdlg%253D%253D\/roczek.jpg\" \/>\r\n<div class=\"lay1\"><\/div> \r\n<div class=\"see\">Zobacz szablon<\/div><\/a> \r\n<h3><a href=\"\/fotoksiazka\/szablony\/roczek\/\">Roczek<\/a><\/h3>\r\n<\/div> \r\n<div>\r\n<a class=\"cover\" href=\"\/fotoksiazka\/szablony\/piekne-wspomnienia\/\"> <img src=\"https:\/\/cdn-printu.pullit.pl\/media\/catalog\/cache\/LpXpqZ4aCqiURbdZw6OidJ6vmAI%252FpOCDwPkMXlcg3tS7PsW9a%252Fp1gL3DJNxOJcKzrXLkNuZPh2x%252BMw%253D%253D\/piekne_wspomnienia.jpg\" \/>\r\n<div class=\"lay1\"><\/div> \r\n<div class=\"see\">Zobacz szablon<\/div><\/a> \r\n<h3><a href=\"\/fotoksiazka\/szablony\/piekne-wspomnienia\/\">Pi\u0119kne wspomnienia<\/a><\/h3>\r\n<\/div> \r\n<div>\r\n<a class=\"cover\" href=\"\/fotoksiazka\/szablony\/pamietnik-ciazy\/\"> <img src=\"https:\/\/cdn-printu.pullit.pl\/media\/catalog\/cache\/LpXpqZ4aCqiURbdZwSI7pYroKlQQ7JD62%252BzvSzPUlgCIKWuEb1X5YGFzACiRbB4Yy3aU9pDX3g8www%253D%253D\/pamietnik_ciazy.jpg\" \/>\r\n<div class=\"lay1\"><\/div> \r\n<div class=\"see\">Zobacz szablon<\/div><\/a> \r\n<h3><a href=\"\/fotoksiazka\/szablony\/pamietnik-ciazy\/\">Pami\u0119tnik ci\u0105\u017cy<\/a><\/h3>\r\n<\/div> \r\n<\/div>\r\n\n<div class=\"buttons\"><a class=\"button btn-v2\" href=\"https:\/\/printu.pl\/fotoksiazka\/szablony\/dzieci\/\">Wi\u0119cej szablon\u00f3w &gt;<\/a><\/div>\n<h2>Wyj\u0105tkowy pami\u0119tnik ci\u0105\u017cy<\/h2>\n<p>Jednak sesja ci\u0105\u017cowa nie musi by\u0107 wcale wykonana przez profesjonalnego fotografa i dotyczy\u0107 jedynie ostatnich miesi\u0119cy stanu b\u0142ogos\u0142awionego. Coraz cz\u0119\u015bciej przyszli rodzice na bie\u017c\u0105co <strong>dokumentuj\u0105 przebieg ci\u0105\u017cy<\/strong>.<\/p>\n<p>Regularne zdj\u0119cia rosn\u0105cego brzuszka, zdj\u0119cia maluszka z bada\u0144 usg czy fotografie pierwszych rzeczy kupionych dla przysz\u0142ego potomka to istna skarbnica wspomnie\u0144 <strong>okresu przygotowa\u0144 do przyj\u015bcia na \u015bwiat nowego cz\u0142onka rodziny<\/strong>. Dlaczego tego nie wykorzysta\u0107 i nie stworzy\u0107 <strong>wyj\u0105tkowego pami\u0119tnika ci\u0105\u017cy<\/strong>? Nawet amatorskie zdj\u0119cia mo\u017cna oprawi\u0107 w formie fotoalbumu czy fotoksi\u0105\u017cki.<\/p>\n<p>U\u0142o\u017cone chronologicznie fotografie uzupe\u0142nione o niewielkie szczeg\u00f3\u0142y dotycz\u0105ce daty pierwszego usg, planowanej daty porodu czy metryki dziecka b\u0119d\u0105 wyj\u0105tkow\u0105 pami\u0105tk\u0105 pojawienia si\u0119 na \u015bwiecie potomka. Taki <a href=\"\/inspiracje\/dziennik-ciazy\/\">dziennik ci\u0105\u017cowy<\/a> w formie zdj\u0119\u0107 wielokrotnie przywo\u0142a mi\u0142e i <strong>wzruszaj\u0105ce wspomnienia<\/strong> tamtych wyj\u0105tkowych chwil.<\/p>\n<div class=\"buttons\"><a class=\"button btn-v2\" href=\"https:\/\/printu.pl\/fotoksiazka\/\">Poznaj fotoksi\u0105\u017ck\u0119 &gt;<\/a><\/div>\n<h2>Zaprojektuj w\u0142asny dziennik ci\u0105\u017cy<\/h2>\n<p>To, jak\u0105 form\u0119 b\u0119dzie mie\u0107 fotoksi\u0105\u017cka czy fotoalbum ze zdj\u0119ciami ci\u0105\u017cowymi zale\u017cy tylko od ciebie. Mo\u017cesz zamie\u015bci\u0107 w nim wy\u0142\u0105cznie zdj\u0119cia z ostatnich miesi\u0119cy lub fotografie najwa\u017cniejsze dla ciebie z tego okresu.<\/p>\n<p><strong>Zdj\u0119cia mog\u0105 by\u0107 profesjonalne i amatorskie<\/strong>. Wysoka jako\u015b\u0107 wsp\u00f3\u0142czesnych aparat\u00f3w w telefonach kom\u00f3rkowych jest wystarczaj\u0105ca, aby tw\u00f3j <strong>drukowany dziennik ci\u0105\u017cy<\/strong> by\u0142 czytelny i wyrazisty. Poza tym taki nietypowy album to wydatek rz\u0119du kilkudziesi\u0119ciu z\u0142otych. To niewiele w por\u00f3wnaniu z warto\u015bci\u0105 sentymentaln\u0105 zdj\u0119\u0107, kt\u00f3re zostan\u0105 w nim zamieszczone.<\/p>\n<p>Pami\u0119taj, \u017ce foto <a href=\"\/inspiracje\/dziennik-ciazy\/\">dziennik ci\u0105\u017cy<\/a> b\u0119dzie wa\u017cny nie tylko dla ciebie, ale w przysz\u0142o\u015bci r\u00f3wnie\u017c dla dziecka, kt\u00f3rego przyj\u015bcie na \u015bwiat b\u0119dzie dokumentowa\u0142.<\/p>\n<figure id=\"attachment_91\" aria-describedby=\"caption-attachment-91\" style=\"width: 990px\" class=\"wp-caption alignnone\"><a href=\"https:\/\/printu.pl\/fotoksiazka\/szablony\/dzieci\/\"><img loading=\"lazy\" class=\"wp-image-91 size-full\" src=\"https:\/\/printu.pl\/inspiracje\/wp-content\/uploads\/2017\/12\/12144119\/fotoksiazka.jpg\" alt=\"\" width=\"990\" height=\"540\" \/><\/a><figcaption id=\"caption-attachment-91\" class=\"wp-caption-text\">Zobacz szablon &#8220;Album dla dziecka&#8221; i inne szablony dzieci\u0119ce<\/figcaption><\/figure>\n<div class=\"buttons\"><a class=\"button btn-v2\" href=\"https:\/\/printu.pl\/fotoksiazka\/szablony\/dzieci\/\">Wi\u0119cej szablon\u00f3w &gt;<\/a><\/div>\n","protected":false},"excerpt":{"rendered":"<p>Oczekiwanie na przyj\u015bcie dziecka to wyj\u0105tkowy czas. Wiele os\u00f3b postanawia go uwieczni\u0107 na fotografiach.<\/p>\n","protected":false},"author":5,"featured_media":2244,"comment_status":"closed","ping_status":"closed","sticky":false,"template":"","format":"standard","meta":[],"categories":[24],"tags":[],"acf":[],"yoast_head":"<!-- This site is optimized with the Yoast SEO plugin v18.9 - https:\/\/yoast.com\/wordpress\/plugins\/seo\/ -->\n<title>Sesja ci\u0105\u017cowa \u2013 wyj\u0105tkowe zdj\u0119cia czy modny trend? - PRINTU<\/title>\n<meta name=\"robots\" content=\"index, follow, max-snippet:-1, max-image-preview:large, max-video-preview:-1\" \/>\n<link rel=\"canonical\" href=\"https:\/\/printu.pl\/inspiracje\/fotoksiazka-o-ciazy\/\" \/>\n<meta property=\"og:locale\" content=\"pl_PL\" \/>\n<meta property=\"og:type\" content=\"article\" \/>\n<meta property=\"og:title\" content=\"Sesja ci\u0105\u017cowa \u2013 wyj\u0105tkowe zdj\u0119cia czy modny trend? - PRINTU\" \/>\n<meta property=\"og:description\" content=\"Oczekiwanie na przyj\u015bcie dziecka to wyj\u0105tkowy czas. Wiele os\u00f3b postanawia go uwieczni\u0107 na fotografiach.\" \/>\n<meta property=\"og:url\" content=\"https:\/\/printu.pl\/inspiracje\/fotoksiazka-o-ciazy\/\" \/>\n<meta property=\"og:site_name\" content=\"PRINTU\" \/>\n<meta property=\"article:published_time\" content=\"2018-02-19T17:27:41+00:00\" \/>\n<meta property=\"og:image\" content=\"https:\/\/printu.pl\/inspiracje\/wp-content\/uploads\/2018\/02\/14195305\/insp342-dzieci02.jpg\" \/>\n\t<meta property=\"og:image:width\" content=\"990\" \/>\n\t<meta property=\"og:image:height\" content=\"540\" \/>\n\t<meta property=\"og:image:type\" content=\"image\/jpeg\" \/>\n<meta name=\"twitter:card\" content=\"summary\" \/>\n<meta name=\"twitter:label1\" content=\"Written by\" \/>\n\t<meta name=\"twitter:data1\" content=\"Paulina\" \/>\n\t<meta name=\"twitter:label2\" content=\"Est. reading time\" \/>\n\t<meta name=\"twitter:data2\" content=\"3 minutes\" \/>\n<!-- \/ Yoast SEO plugin. -->","yoast_head_json":{"title":"Sesja ci\u0105\u017cowa \u2013 wyj\u0105tkowe zdj\u0119cia czy modny trend? - PRINTU","robots":{"index":"index","follow":"follow","max-snippet":"max-snippet:-1","max-image-preview":"max-image-preview:large","max-video-preview":"max-video-preview:-1"},"canonical":"https:\/\/printu.pl\/inspiracje\/fotoksiazka-o-ciazy\/","og_locale":"pl_PL","og_type":"article","og_title":"Sesja ci\u0105\u017cowa \u2013 wyj\u0105tkowe zdj\u0119cia czy modny trend? - PRINTU","og_description":"Oczekiwanie na przyj\u015bcie dziecka to wyj\u0105tkowy czas. Wiele os\u00f3b postanawia go uwieczni\u0107 na fotografiach.","og_url":"https:\/\/printu.pl\/inspiracje\/fotoksiazka-o-ciazy\/","og_site_name":"PRINTU","article_published_time":"2018-02-19T17:27:41+00:00","og_image":[{"width":990,"height":540,"url":"https:\/\/printu.pl\/inspiracje\/wp-content\/uploads\/2018\/02\/14195305\/insp342-dzieci02.jpg","type":"image\/jpeg"}],"twitter_card":"summary","twitter_misc":{"Written by":"Paulina","Est. reading time":"3 minutes"},"schema":{"@context":"https:\/\/schema.org","@graph":[{"@type":"WebSite","@id":"https:\/\/printu.pl\/inspiracje\/#website","url":"https:\/\/printu.pl\/inspiracje\/","name":"PRINTU","description":"Poradnik","potentialAction":[{"@type":"SearchAction","target":{"@type":"EntryPoint","urlTemplate":"https:\/\/printu.pl\/inspiracje\/?s={search_term_string}"},"query-input":"required name=search_term_string"}],"inLanguage":"pl-PL"},{"@type":"ImageObject","inLanguage":"pl-PL","@id":"https:\/\/printu.pl\/inspiracje\/fotoksiazka-o-ciazy\/#primaryimage","url":"https:\/\/printu.pl\/inspiracje\/wp-content\/uploads\/2018\/02\/14195305\/insp342-dzieci02.jpg","contentUrl":"https:\/\/printu.pl\/inspiracje\/wp-content\/uploads\/2018\/02\/14195305\/insp342-dzieci02.jpg","width":990,"height":540},{"@type":"WebPage","@id":"https:\/\/printu.pl\/inspiracje\/fotoksiazka-o-ciazy\/#webpage","url":"https:\/\/printu.pl\/inspiracje\/fotoksiazka-o-ciazy\/","name":"Sesja ci\u0105\u017cowa \u2013 wyj\u0105tkowe zdj\u0119cia czy modny trend? - PRINTU","isPartOf":{"@id":"https:\/\/printu.pl\/inspiracje\/#website"},"primaryImageOfPage":{"@id":"https:\/\/printu.pl\/inspiracje\/fotoksiazka-o-ciazy\/#primaryimage"},"datePublished":"2018-02-19T17:27:41+00:00","dateModified":"2018-02-19T17:27:41+00:00","author":{"@id":"https:\/\/printu.pl\/inspiracje\/#\/schema\/person\/47f4f333314db9401b0d2d73438dedd1"},"breadcrumb":{"@id":"https:\/\/printu.pl\/inspiracje\/fotoksiazka-o-ciazy\/#breadcrumb"},"inLanguage":"pl-PL","potentialAction":[{"@type":"ReadAction","target":["https:\/\/printu.pl\/inspiracje\/fotoksiazka-o-ciazy\/"]}]},{"@type":"BreadcrumbList","@id":"https:\/\/printu.pl\/inspiracje\/fotoksiazka-o-ciazy\/#breadcrumb","itemListElement":[{"@type":"ListItem","position":1,"name":"Poradnik","item":"https:\/\/printu.pl\/inspiracje\/"},{"@type":"ListItem","position":2,"name":"Dzieci","item":"https:\/\/printu.pl\/inspiracje\/k-dzieci\/"},{"@type":"ListItem","position":3,"name":"Sesja ci\u0105\u017cowa \u2013 wyj\u0105tkowe zdj\u0119cia czy modny trend?"}]},{"@type":"Person","@id":"https:\/\/printu.pl\/inspiracje\/#\/schema\/person\/47f4f333314db9401b0d2d73438dedd1","name":"Paulina"}]}},"_links":{"self":[{"href":"https:\/\/printu.pl\/inspiracje\/wp-json\/wp\/v2\/posts\/2219"}],"collection":[{"href":"https:\/\/printu.pl\/inspiracje\/wp-json\/wp\/v2\/posts"}],"about":[{"href":"https:\/\/printu.pl\/inspiracje\/wp-json\/wp\/v2\/types\/post"}],"author":[{"embeddable":true,"href":"https:\/\/printu.pl\/inspiracje\/wp-json\/wp\/v2\/users\/5"}],"replies":[{"embeddable":true,"href":"https:\/\/printu.pl\/inspiracje\/wp-json\/wp\/v2\/comments?post=2219"}],"version-history":[{"count":4,"href":"https:\/\/printu.pl\/inspiracje\/wp-json\/wp\/v2\/posts\/2219\/revisions"}],"predecessor-version":[{"id":2254,"href":"https:\/\/printu.pl\/inspiracje\/wp-json\/wp\/v2\/posts\/2219\/revisions\/2254"}],"wp:featuredmedia":[{"embeddable":true,"href":"https:\/\/printu.pl\/inspiracje\/wp-json\/wp\/v2\/media\/2244"}],"wp:attachment":[{"href":"https:\/\/printu.pl\/inspiracje\/wp-json\/wp\/v2\/media?parent=2219"}],"wp:term":[{"taxonomy":"category","embeddable":true,"href":"https:\/\/printu.pl\/inspiracje\/wp-json\/wp\/v2\/categories?post=2219"},{"taxonomy":"post_tag","embeddable":true,"href":"https:\/\/printu.pl\/inspiracje\/wp-json\/wp\/v2\/tags?post=2219"}],"curies":[{"name":"wp","href":"https:\/\/api.w.org\/{rel}","templated":true}]}}