{"id":2306,"date":"2018-04-17T10:49:25","date_gmt":"2018-04-17T08:49:25","guid":{"rendered":"https:\/\/printu.pl\/inspiracje\/?p=2306"},"modified":"2018-04-17T11:28:31","modified_gmt":"2018-04-17T09:28:31","slug":"prezent-na-imieniny","status":"publish","type":"post","link":"https:\/\/printu.pl\/inspiracje\/prezent-na-imieniny\/","title":{"rendered":"Nietypowy prezent na imieniny? Fotoksi\u0105\u017cka mo\u017ce by\u0107 strza\u0142em w dziesi\u0105tk\u0119!"},"content":{"rendered":"<p>Imieniny s\u0105 nietypowym \u015bwi\u0119tem. Jedni je obchodz\u0105, inni wol\u0105 \u015bwi\u0119towa\u0107 wy\u0142\u0105cznie urodziny. <!--more--><br \/>\nJe\u015bli jednak zosta\u0142e\u015b ju\u017c zaproszony na imieniny, <strong>powiniene\u015b poszuka\u0107 nietypowego prezentu dla solenizanta<\/strong>.<\/p>\n<p><span style=\"font-weight: 400;\">Czy fotoksi\u0105\u017cka to dobry pomys\u0142 dla ka\u017cdego jubilata?<\/span><\/p>\n<figure id=\"attachment_128\" aria-describedby=\"caption-attachment-128\" style=\"width: 990px\" class=\"wp-caption alignnone\"><a href=\"\/fotoksiazka\/szablony\/urodziny\/\"><img loading=\"lazy\" class=\"wp-image-128 size-full\" src=\"https:\/\/printu.pl\/inspiracje\/wp-content\/uploads\/2017\/08\/16115705\/prezent-dla-ciebie-cover.jpg\" alt=\"\" width=\"990\" height=\"540\" \/><\/a><figcaption id=\"caption-attachment-128\" class=\"wp-caption-text\">Zobacz szablon &#8220;Dla Ciebie&#8221; i inne szablony urodzinowe<\/figcaption><\/figure>\n<div class=\"buttons\"><a class=\"button btn-v2\" href=\"https:\/\/printu.pl\/fotoksiazka\/szablony\/urodziny\/\">Sprawd\u017a szablony &gt;<\/a><\/div>\n<h2>Jaki prezent na imieniny?<\/h2>\n<p>Dob\u00f3r imieninowego prezentu powinien by\u0107 uzale\u017cniony od <strong>osobowo\u015bci solenizanta<\/strong>. Bior\u0105c pod uwag\u0119, \u017ce imieniny kojarz\u0105 si\u0119 cz\u0119sto z herbatk\u0105 u dziadk\u00f3w czy ciotki ni\u017c huczn\u0105 imprez\u0105 u przyjaciela, <strong>do zakupu podarunku z tej okazji nale\u017cy podej\u015b\u0107 z odpowiednim rozs\u0105dkiem<\/strong>.<\/p>\n<p>Wprawdzie prezenty uniwersalne nie istniej\u0105, jednak pewien prezent na imieniny mo\u017ce sprawdzi\u0107 si\u0119 w wielu sytuacjach. <strong>Oryginalna fotoksi\u0105\u017cka, kt\u00f3rej zawarto\u015b\u0107 b\u0119dzie dopasowana do charakteru solenizanta, to stylowy i oryginalny podarunek<\/strong>. Ni\u017cej podpowiadamy kilka pomys\u0142\u00f3w dla konkretnych solenizant\u00f3w.<\/p>\n<div class=\"theme-title\">Szablony<\/div>\r\n<div id=\"slider_theme2\" class=\"slider_theme2 owl-loaded owl-drag\"> \r\n<div>\r\n<a class=\"cover\" href=\"\/fotoksiazka\/szablony\/prezent-na-18\/\"> <img src=\"https:\/\/cdn-printu.pullit.pl\/media\/catalog\/cache\/LpXprrTDaaue06H15GkODf5VjZg9fNn24zeYntm%252Fqh7UkoyuH16Qc8obyTMI72LDgBuP42GyfVupt5yl5%252Fa2W8o%253D\/prezent-na-18.jpg\" \/>\r\n<div class=\"lay1\"><\/div> \r\n<div class=\"see\">Zobacz szablon<\/div><\/a> \r\n<h3><a href=\"\/fotoksiazka\/szablony\/prezent-na-18\/\">Prezent na 18<\/a><\/h3>\r\n<\/div> \r\n\r\n<div>\r\n<a class=\"cover\" href=\"\/fotoksiazka\/szablony\/prezent-urodzinowy\"> <img src=\"https:\/\/cdn-printu.pullit.pl\/media\/catalog\/cache\/LpXprrTDaaue06H15GKMEQHHwuWbIKCU7TGrD%252BZxmfbh%252B%252F56uJAQo%252BdFsOBfhoXM2Ikrb%252FOtBd8dLOHabK24cTg%253D\/prezent_urodzinowy.jpg\" \/>\r\n<div class=\"lay1\"><\/div> \r\n<div class=\"see\">Zobacz szablon<\/div><\/a> \r\n<h3><a href=\"\/fotoksiazka\/szablony\/prezent-urodzinowy\/\">Prezent urodzinowy<\/a><\/h3>\r\n<\/div>\r\n\r\n\r\n<div>\r\n<a class=\"cover\" href=\"\/fotoksiazka\/szablony\/dla-ciebie\/\"> <img src=\"https:\/\/cdn-printu.pullit.pl\/media\/catalog\/cache\/LpXprrTDaaue06H15SnlWDY%252F31kEsdUfEYb7KlopCeKG5aKrC8PsfRf%252FFJe503rP41gTsslqqRxTQwVa3TSYsYE%253D\/dla-ciebie.jpg\" \/>\r\n<div class=\"lay1\"><\/div> \r\n<div class=\"see\">Zobacz szablon<\/div><\/a> \r\n<h3><a href=\"\/fotoksiazka\/szablony\/dla-ciebie\/\">Dla Ciebie<\/a><\/h3>\r\n<\/div> \r\n\r\n<div>\r\n<a class=\"cover\" href=\"\/fotoksiazka\/szablony\/prezent-na-18-dla-przyjaciolki\/\"> <img src=\"https:\/\/cdn-printu.pullit.pl\/media\/catalog\/cache\/LpXprrTDaaue06H15GKENe3YX0Mysf66ZFxi7xfEhvks5YgthVf0mPcjYUOMRsul4pEHwmcLlC1boyz9sXYQLVQ%253D\/prezent_na_18_dla_przyjaciolki.jpg\" \/>\r\n<div class=\"lay1\"><\/div> \r\n<div class=\"see\">Zobacz szablon<\/div><\/a> \r\n<h3><a href=\"\/fotoksiazka\/szablony\/prezent-na-18-dla-przyjaciolki\/\">Prezent na 18 dla przyjaci\u00f3\u0142ki<\/a><\/h3>\r\n<\/div> \r\n\r\n\r\n<\/div>\n<div class=\"buttons\"><a class=\"button btn-v2\" href=\"https:\/\/printu.pl\/fotoksiazka\/szablony\/urodziny\/\">Wi\u0119cej szablon\u00f3w &gt;<\/a><\/div>\n<h2>Prezent na imieniny dla dziadka<\/h2>\n<p>Z fotoksi\u0105\u017cki na pewno uciesz\u0105 si\u0119 dziadkowie. I chocia\u017c mo\u017cna by pomy\u015ble\u0107, \u017ce to pokolenie b\u0119dzie akurat zwolennikiem tradycyjnej fotografii, to <strong>starannie wydana ksi\u0105\u017cka z wydrukowanej w wysokiej jako\u015bci zdj\u0119ciami r\u00f3wnie\u017c sprawi wiele rado\u015bci<\/strong>.<\/p>\n<p>Czego taka ksi\u0105\u017cka na imieniny mo\u017ce dotyczy\u0107? Pomys\u0142\u00f3w jest wiele. Najprostszy to <a href=\"\/fotoksiazka\/szablony\/album-rodzinny\/\">album rodzinny<\/a> przygotowany specjalnie dla seniora. Mo\u017cna te\u017c stworzy\u0107 <strong>fotoksi\u0105\u017ck\u0119 w formie fotograficznego drzewa genealogicznego<\/strong>, w kt\u00f3rym g\u0142\u00f3wnym pniem rodziny b\u0119dzie oczywi\u015bcie solenizant. R\u00f3wnie dobrze fotograficzny prezent na imieniny <strong>mo\u017ce dotyczy\u0107 specyficznego hobby solenizanta<\/strong>, np. w\u0119dkowania.<\/p>\n<div class=\"buttons\"><a class=\"button btn-v2\" href=\"https:\/\/printu.pl\/fotoksiazka\/\">Poznaj fotoksi\u0105\u017ck\u0119 &gt;<\/a><\/div>\n<h2>Prezent imieninowy dla ciotki<\/h2>\n<p>Solidny problem z projektowaniem fotoksi\u0105\u017cki mo\u017ce pojawi\u0107 si\u0119 w sytuacji, kiedy ma by\u0107 to <strong>prezent na imieniny dla ciotki<\/strong>. Szczeg\u00f3lnie, je\u015bli owa ciocia nie jest ulubion\u0105 ciotk\u0105 obdarowuj\u0105cego.<\/p>\n<p>Jednak nie p\u00f3j\u015b\u0107 na imieniny nie wypada, jak r\u00f3wnie\u017c nie wypada da\u0107 byle jakiego podarunku. Je\u015bli projektuj\u0105cy ksi\u0105\u017ck\u0119 nie ma zbyt wielu fotografii zwi\u0105zanych z solenizantk\u0105, mo\u017ce przygotowa\u0107 <strong>fotoksi\u0105\u017ck\u0119 o jej ulubionych rzeczach<\/strong>.<\/p>\n<p>Wiele ciotek kocha koty czy psy. Taki <a href=\"\/fotoksiazka\/szablony\/koci-album\/\">koci album<\/a> czy\u00a0<a href=\"\/fotoksiazka\/szablony\/album-psiaka\/\">album psiaka<\/a> mo\u017ce okaza\u0107 si\u0119 trafionym pomys\u0142em. Fotoksi\u0105\u017cka ze zdj\u0119ciami rodzinnych pupil\u00f3w to ciekawy pomys\u0142 na prezent imieninowy dla ciotki.<\/p>\n<figure id=\"attachment_128\" aria-describedby=\"caption-attachment-128\" style=\"width: 990px\" class=\"wp-caption alignnone\"><a href=\"\/fotoksiazka\/szablony\/urodziny\/\"><img loading=\"lazy\" class=\"wp-image-128 size-full\" src=\"https:\/\/printu.pl\/inspiracje\/wp-content\/uploads\/2017\/08\/16115702\/prezent-cover.jpg\" alt=\"\" width=\"990\" height=\"540\" \/><\/a><figcaption id=\"caption-attachment-128\" class=\"wp-caption-text\">Zobacz szablon &#8220;Prezent dla niego&#8221; i inne szablony urodzinowe<\/figcaption><\/figure>\n<h2>Co kupi\u0107 na imieniny kole\u017cance z pracy?<\/h2>\n<p>Imieniny cz\u0119sto obchodzi si\u0119 symbolicznie nie tylko w rodzinie, ale <strong>r\u00f3wnie\u017c w swoim miejscu pracy<\/strong>. I chocia\u017c pocz\u0119stunki z tej okazji nie s\u0105 tak wystawne jak na pocz\u0105tku lat 90-tych, to skromny <strong>prezent imieninowy podarowany kole\u017cance z pracy sprawi jej sporo rado\u015bci<\/strong>.<\/p>\n<p>Czy fotoksi\u0105\u017cka to te\u017c dobry pomys\u0142 na prezent na imieniny dla kole\u017canki? Z pewno\u015bci\u0105 tak! Warto umie\u015bci\u0107 w niej fotki dotycz\u0105ce w\u0142a\u015bnie pracy. I nie chodzi tutaj o zdj\u0119cia z biznesowych konferencji i spotka\u0144, lecz <strong>spontaniczne fotki ze wsp\u00f3\u0142pracownikami<\/strong>. Pracuj\u0105c w jednej firmie przez kilka lat, z pewno\u015bci\u0105 by\u0142o si\u0119 bohaterem zdj\u0119\u0107 zrobionych telefonem przez koleg\u00f3w czy kole\u017canki.<\/p>\n<p>Taka fotoksi\u0105\u017cka jako <strong>prezent na imieniny dla kole\u017canki z pracy<\/strong> nie musi by\u0107 wcale obszerna. Kilka rozk\u0142ad\u00f3wek, przedstawiaj\u0105cych <a href=\"\/fotoksiazka\/szablony\/wesole-historie\/\">weso\u0142e historie<\/a> sprawi naprawd\u0119 du\u017c\u0105 niespodziank\u0119.<\/p>\n<div class=\"buttons\"><a class=\"button btn-v2\" href=\"https:\/\/printu.pl\/fotoksiazka\/szablony\/urodziny\/\">Zobacz szablony &gt;<\/a><\/div>\n","protected":false},"excerpt":{"rendered":"<p>Imieniny s\u0105 nietypowym \u015bwi\u0119tem. Jedni je obchodz\u0105, inni wol\u0105 \u015bwi\u0119towa\u0107 wy\u0142\u0105cznie urodziny.<\/p>\n","protected":false},"author":5,"featured_media":690,"comment_status":"closed","ping_status":"closed","sticky":false,"template":"","format":"standard","meta":[],"categories":[21],"tags":[],"acf":[],"yoast_head":"<!-- This site is optimized with the Yoast SEO plugin v18.9 - https:\/\/yoast.com\/wordpress\/plugins\/seo\/ -->\n<title>Nietypowy prezent na imieniny? Fotoksi\u0105\u017cka mo\u017ce by\u0107 strza\u0142em w dziesi\u0105tk\u0119! - PRINTU<\/title>\n<meta name=\"robots\" content=\"index, follow, max-snippet:-1, max-image-preview:large, max-video-preview:-1\" \/>\n<link rel=\"canonical\" href=\"https:\/\/printu.pl\/inspiracje\/prezent-na-imieniny\/\" \/>\n<meta property=\"og:locale\" content=\"pl_PL\" \/>\n<meta property=\"og:type\" content=\"article\" \/>\n<meta property=\"og:title\" content=\"Nietypowy prezent na imieniny? Fotoksi\u0105\u017cka mo\u017ce by\u0107 strza\u0142em w dziesi\u0105tk\u0119! - PRINTU\" \/>\n<meta property=\"og:description\" content=\"Imieniny s\u0105 nietypowym \u015bwi\u0119tem. Jedni je obchodz\u0105, inni wol\u0105 \u015bwi\u0119towa\u0107 wy\u0142\u0105cznie urodziny.\" \/>\n<meta property=\"og:url\" content=\"https:\/\/printu.pl\/inspiracje\/prezent-na-imieniny\/\" \/>\n<meta property=\"og:site_name\" content=\"PRINTU\" \/>\n<meta property=\"article:published_time\" content=\"2018-04-17T08:49:25+00:00\" \/>\n<meta property=\"article:modified_time\" content=\"2018-04-17T09:28:31+00:00\" \/>\n<meta property=\"og:image\" content=\"https:\/\/printu.pl\/inspiracje\/wp-content\/uploads\/2017\/08\/16115705\/prezent-dla-ciebie-cover.jpg\" \/>\n\t<meta property=\"og:image:width\" content=\"990\" \/>\n\t<meta property=\"og:image:height\" content=\"540\" \/>\n\t<meta property=\"og:image:type\" content=\"image\/jpeg\" \/>\n<meta name=\"twitter:card\" content=\"summary\" \/>\n<meta name=\"twitter:label1\" content=\"Written by\" \/>\n\t<meta name=\"twitter:data1\" content=\"Paulina\" \/>\n\t<meta name=\"twitter:label2\" content=\"Est. reading time\" \/>\n\t<meta name=\"twitter:data2\" content=\"3 minutes\" \/>\n<!-- \/ Yoast SEO plugin. -->","yoast_head_json":{"title":"Nietypowy prezent na imieniny? Fotoksi\u0105\u017cka mo\u017ce by\u0107 strza\u0142em w dziesi\u0105tk\u0119! - PRINTU","robots":{"index":"index","follow":"follow","max-snippet":"max-snippet:-1","max-image-preview":"max-image-preview:large","max-video-preview":"max-video-preview:-1"},"canonical":"https:\/\/printu.pl\/inspiracje\/prezent-na-imieniny\/","og_locale":"pl_PL","og_type":"article","og_title":"Nietypowy prezent na imieniny? Fotoksi\u0105\u017cka mo\u017ce by\u0107 strza\u0142em w dziesi\u0105tk\u0119! - PRINTU","og_description":"Imieniny s\u0105 nietypowym \u015bwi\u0119tem. Jedni je obchodz\u0105, inni wol\u0105 \u015bwi\u0119towa\u0107 wy\u0142\u0105cznie urodziny.","og_url":"https:\/\/printu.pl\/inspiracje\/prezent-na-imieniny\/","og_site_name":"PRINTU","article_published_time":"2018-04-17T08:49:25+00:00","article_modified_time":"2018-04-17T09:28:31+00:00","og_image":[{"width":990,"height":540,"url":"https:\/\/printu.pl\/inspiracje\/wp-content\/uploads\/2017\/08\/16115705\/prezent-dla-ciebie-cover.jpg","type":"image\/jpeg"}],"twitter_card":"summary","twitter_misc":{"Written by":"Paulina","Est. reading time":"3 minutes"},"schema":{"@context":"https:\/\/schema.org","@graph":[{"@type":"WebSite","@id":"https:\/\/printu.pl\/inspiracje\/#website","url":"https:\/\/printu.pl\/inspiracje\/","name":"PRINTU","description":"Poradnik","potentialAction":[{"@type":"SearchAction","target":{"@type":"EntryPoint","urlTemplate":"https:\/\/printu.pl\/inspiracje\/?s={search_term_string}"},"query-input":"required name=search_term_string"}],"inLanguage":"pl-PL"},{"@type":"ImageObject","inLanguage":"pl-PL","@id":"https:\/\/printu.pl\/inspiracje\/prezent-na-imieniny\/#primaryimage","url":"https:\/\/printu.pl\/inspiracje\/wp-content\/uploads\/2017\/08\/16115705\/prezent-dla-ciebie-cover.jpg","contentUrl":"https:\/\/printu.pl\/inspiracje\/wp-content\/uploads\/2017\/08\/16115705\/prezent-dla-ciebie-cover.jpg","width":990,"height":540},{"@type":"WebPage","@id":"https:\/\/printu.pl\/inspiracje\/prezent-na-imieniny\/#webpage","url":"https:\/\/printu.pl\/inspiracje\/prezent-na-imieniny\/","name":"Nietypowy prezent na imieniny? Fotoksi\u0105\u017cka mo\u017ce by\u0107 strza\u0142em w dziesi\u0105tk\u0119! - PRINTU","isPartOf":{"@id":"https:\/\/printu.pl\/inspiracje\/#website"},"primaryImageOfPage":{"@id":"https:\/\/printu.pl\/inspiracje\/prezent-na-imieniny\/#primaryimage"},"datePublished":"2018-04-17T08:49:25+00:00","dateModified":"2018-04-17T09:28:31+00:00","author":{"@id":"https:\/\/printu.pl\/inspiracje\/#\/schema\/person\/47f4f333314db9401b0d2d73438dedd1"},"breadcrumb":{"@id":"https:\/\/printu.pl\/inspiracje\/prezent-na-imieniny\/#breadcrumb"},"inLanguage":"pl-PL","potentialAction":[{"@type":"ReadAction","target":["https:\/\/printu.pl\/inspiracje\/prezent-na-imieniny\/"]}]},{"@type":"BreadcrumbList","@id":"https:\/\/printu.pl\/inspiracje\/prezent-na-imieniny\/#breadcrumb","itemListElement":[{"@type":"ListItem","position":1,"name":"Poradnik","item":"https:\/\/printu.pl\/inspiracje\/"},{"@type":"ListItem","position":2,"name":"Urodziny","item":"https:\/\/printu.pl\/inspiracje\/k-urodziny\/"},{"@type":"ListItem","position":3,"name":"Nietypowy prezent na imieniny? Fotoksi\u0105\u017cka mo\u017ce by\u0107 strza\u0142em w dziesi\u0105tk\u0119!"}]},{"@type":"Person","@id":"https:\/\/printu.pl\/inspiracje\/#\/schema\/person\/47f4f333314db9401b0d2d73438dedd1","name":"Paulina"}]}},"_links":{"self":[{"href":"https:\/\/printu.pl\/inspiracje\/wp-json\/wp\/v2\/posts\/2306"}],"collection":[{"href":"https:\/\/printu.pl\/inspiracje\/wp-json\/wp\/v2\/posts"}],"about":[{"href":"https:\/\/printu.pl\/inspiracje\/wp-json\/wp\/v2\/types\/post"}],"author":[{"embeddable":true,"href":"https:\/\/printu.pl\/inspiracje\/wp-json\/wp\/v2\/users\/5"}],"replies":[{"embeddable":true,"href":"https:\/\/printu.pl\/inspiracje\/wp-json\/wp\/v2\/comments?post=2306"}],"version-history":[{"count":5,"href":"https:\/\/printu.pl\/inspiracje\/wp-json\/wp\/v2\/posts\/2306\/revisions"}],"predecessor-version":[{"id":2535,"href":"https:\/\/printu.pl\/inspiracje\/wp-json\/wp\/v2\/posts\/2306\/revisions\/2535"}],"wp:featuredmedia":[{"embeddable":true,"href":"https:\/\/printu.pl\/inspiracje\/wp-json\/wp\/v2\/media\/690"}],"wp:attachment":[{"href":"https:\/\/printu.pl\/inspiracje\/wp-json\/wp\/v2\/media?parent=2306"}],"wp:term":[{"taxonomy":"category","embeddable":true,"href":"https:\/\/printu.pl\/inspiracje\/wp-json\/wp\/v2\/categories?post=2306"},{"taxonomy":"post_tag","embeddable":true,"href":"https:\/\/printu.pl\/inspiracje\/wp-json\/wp\/v2\/tags?post=2306"}],"curies":[{"name":"wp","href":"https:\/\/api.w.org\/{rel}","templated":true}]}}